{"id":1123,"date":"2021-05-02T13:11:37","date_gmt":"2021-05-02T12:11:37","guid":{"rendered":"http:\/\/covid.joachimdengler.de\/?p=1123"},"modified":"2021-10-25T22:10:57","modified_gmt":"2021-10-25T21:10:57","slug":"nebenwirkungen-der-covid-19-impfungen","status":"publish","type":"post","link":"http:\/\/covid.joachimdengler.de\/?p=1123","title":{"rendered":"Nebenwirkungen der Covid-19 Impfungen"},"content":{"rendered":"\n<p>W\u00e4hrend die Covid-19 Impfkampagne weltweit in vollem Gange ist, und auch hier in Deutschland, von <a href=\"https:\/\/twitter.com\/faktinator\/status\/1387567534065569792?s=12\">Erfolgsmeldungen der Regierung und der Medien<\/a> begleitet, <a href=\"https:\/\/pardok.parlament-berlin.de\/starweb\/adis\/citat\/VT\/18\/SchrAnfr\/S18-27199.pdf\">mit gro\u00dfem Aufwand durchgezogen wird<\/a>, h\u00e4ufen sich leider die Meldungen \u00fcber Nebenwirkungen und auch die Warnungen vor einzelnen oder sogar allen Impfstoffen.<\/p>\n\n\n\n<p>Es gibt bislang noch keine umfassende, zuverl\u00e4ssige Bewertung. Daher m\u00fcssen viele Beobachtungen zusammengetragen werden. Diese haben unterschiedliches Gewicht. Es gibt<\/p>\n\n\n\n<ul><li>offizielle Verlautbarungen von Impfstoff-Herstellern und staatlichen Institutionen,<\/li><li>wissenschaftliche Studien,<\/li><li>Stellungnahmen von Experten,<\/li><li>popul\u00e4rwissenschaftliche, allgemeinverst\u00e4ndliche Artikel mit oder ohne Verweise auf Prim\u00e4rquellen<\/li><li>anekdotische Einzelerfahrungen<\/li><\/ul>\n\n\n\n<p>Jedes Zeugnis hat auf seine Weise Bedeutung. Der Leser kann sich in der Zusammenschau ein eigenes Bild machen.<\/p>\n\n\n\n<h3 class=\"wp-block-heading\" id=\"staatlicheInstitutionen\">Offizielle Verlautbarungen von Impfstoff-Herstellern und staatlichen Institutionen<\/h3>\n\n\n\n<h5 class=\"wp-block-heading\">Meldungen an die Datenbank VigiAccess der WHO<\/h5>\n\n\n\n<p>Dort werden alle weltweit auftretenden Nebenwirkungen gesammelt, die Auswertung ist aber sehr schwierig. Der Blog <a href=\"https:\/\/sciencefiles.org\/2021\/05\/18\/blind-taub-schlafgestort-und-5-640-menschen-sind-bislang-nach-covid-19-impfung-verstorben-normale-nebenwirkungen\/\">sciencefiles.org macht sich die M\u00fche, diese Daten k\u00fcnftig 14-t\u00e4gig auszuwerten<\/a>. Bislang gibt es seit M\u00e4rz 3 Auswertungen:<\/p>\n\n\n\n<figure class=\"wp-block-image size-large\"><img decoding=\"async\" src=\"https:\/\/i0.wp.com\/sciencefiles.org\/wp-content\/uploads\/2021\/05\/ViggiAccess-Stats-18052021.png?resize=1024%2C576&amp;ssl=1\" alt=\"\"\/><figcaption>WHO: Meldungen von Nebenwirkungen und Mortalit\u00e4t aufgrund der Covid-19 Impfungen<\/figcaption><\/figure>\n\n\n\n<p>Demnach gibt es aktuell (18.5.2021) weltweit 5640 gemeldete Todesf\u00e4lle im Zusammenhang mit Covid-19 Impfungen und insgesamt 780073 Meldungen von Nebenwirkungen. 2\/3 dieser Meldungen stammen aus Europa, demnach deckt die Datenbank nicht vollst\u00e4ndig das weltweite Geschehen ab. <br>Die Nebenwirkungen sind im Gegensatz zu anderen Impfungen sehr breit gestreut (176 Seiten), beispielsweise<\/p>\n\n\n\n<ul><li>Funktionsst\u00f6rung des Blutes oder des lymphatischen Systems (31532 F\u00e4lle)<\/li><li>Herz-\/Kreislaufst\u00f6rungen (30123 F\u00e4lle)<\/li><li>Schlaflosigkeit (9030 F\u00e4lle)<\/li><li>Schlafst\u00f6rungen (4406 F\u00e4lle)<\/li><li>Geh\u00f6rst\u00f6rungen (22285 F\u00e4lle), davon Taubheit (829 F\u00e4lle)<\/li><li>Augenst\u00f6rungen (27319), davon Erblindung (497 F\u00e4lle)<\/li><\/ul>\n\n\n\n<h5 class=\"wp-block-heading\"><a href=\"https:\/\/www.pei.de\/SharedDocs\/Downloads\/DE\/newsroom\/veroeffentlichungen-arzneimittel\/rhb\/21-04-13-covid-19-vaccine-astrazeneca.pdf?__blob=publicationFile&amp;v=3\">1-10% der mit dem Astra-Zeneca Impfstoff Geimpften bekommen eine Trombocytopenie<\/a>,<br>ofizielle Ver\u00f6ffentlichung der Firma Astra-Zeneca:<\/h5>\n\n\n\n<ul><li>Ein kausaler Zusammenhang zwischen Impfungen mit Vaxzevria und dem Auftreten von Thrombosen in Kombination mit Thrombozytopenie wird als plausibel angesehen.<\/li><li>Obwohl solche Nebenwirkungen sehr selten sind, \u00fcbertraf die Anzahl die, erwartete H\u00e4ufigkeit in der Allgemeinbev\u00f6lkerung.<\/li><\/ul>\n\n\n\n<h5 class=\"wp-block-heading\"><a href=\"http:\/\/covid.joachimdengler.de\/wp-content\/uploads\/2021\/05\/CovidVaccineDeaths202101-04.xls\">2044 offiziell gemeldete Todesf\u00e4lle in Folge von Covid-Impfungen in USA im Zeitraum 1.1.2021-21.4.2021<\/a>,<br>laut Gesundheitsminsterium (<a href=\"https:\/\/wonder.cdc.gov\/vaers.html\">CDC<\/a>)<\/h5>\n\n\n\n<h5 class=\"wp-block-heading\"><strong><a href=\"https:\/\/www.pei.de\/SharedDocs\/Downloads\/DE\/newsroom\/dossiers\/sicherheitsberichte\/sicherheitsbericht-27-12-bis-30-04-21.pdf?__blob=publicationFile&amp;v=5\">Das Paul-Ehrlich Institut meldet<\/a> am 7.5.2021 \u00fcber den Zeitraum 27.12.2020 &#8211; 30.04.2021:<\/strong><\/h5>\n\n\n\n<ul><li>50.000 Verdachtsf\u00e4lle von Impfnebenwirkungen in Deutschland (0,2%)<\/li><li>davon 5000 schwerwiegende (0,02%) <\/li><li>und 524 Todesf\u00e4lle (0,002%)<\/li><\/ul>\n\n\n\n<figure class=\"wp-block-image size-large\"><img decoding=\"async\" loading=\"lazy\" width=\"906\" height=\"596\" src=\"http:\/\/covid.joachimdengler.de\/wp-content\/uploads\/2021\/05\/image-5.png\" alt=\"\" class=\"wp-image-1226\" srcset=\"http:\/\/covid.joachimdengler.de\/wp-content\/uploads\/2021\/05\/image-5.png 906w, http:\/\/covid.joachimdengler.de\/wp-content\/uploads\/2021\/05\/image-5-300x197.png 300w, http:\/\/covid.joachimdengler.de\/wp-content\/uploads\/2021\/05\/image-5-768x505.png 768w\" sizes=\"(max-width: 906px) 100vw, 906px\" \/><figcaption>Gemeldete Verdachtsf\u00e4lle von Impfnebenwirkungen, nach Impfstoff aufgeschl\u00fcsselt<\/figcaption><\/figure>\n\n\n\n<figure class=\"wp-block-image size-large\"><img decoding=\"async\" loading=\"lazy\" width=\"895\" height=\"455\" src=\"http:\/\/covid.joachimdengler.de\/wp-content\/uploads\/2021\/05\/image-6.png\" alt=\"\" class=\"wp-image-1228\" srcset=\"http:\/\/covid.joachimdengler.de\/wp-content\/uploads\/2021\/05\/image-6.png 895w, http:\/\/covid.joachimdengler.de\/wp-content\/uploads\/2021\/05\/image-6-300x153.png 300w, http:\/\/covid.joachimdengler.de\/wp-content\/uploads\/2021\/05\/image-6-768x390.png 768w\" sizes=\"(max-width: 895px) 100vw, 895px\" \/><figcaption>Todesf\u00e4lle in der Folge von Covid-19 Impfungen<\/figcaption><\/figure>\n\n\n\n<p>Bemerkenswert ist, dass ausgerechnet bei den Alten, die in erster Linie gesch\u00fctzt werden sollten, am meisten Todesf\u00e4lle auftraten.  <br>\u00dcber die Dunkelziffer, d.h. die nicht gemeldeten Nebenwirkungen, gibt es aktuell noch keine Informationen. <\/p>\n\n\n\n<h5 class=\"wp-block-heading\" id=\"nach_Impfung\">Covid Erkrankungen und Todesf\u00e4lle nach Impfung<\/h5>\n\n\n\n<p>Bei den Impftoten und den Impf-Nebenwirkungen wird allerdings verschwiegen:<\/p>\n\n\n\n<ul><li><strong>2.707 Menschen sind in Deutschland nach einer Corona-Impfung an oder mit Covid-19 gestorben. <\/strong><\/li><li>6.221 Geimpfte mussten wegen Covid-19 in ein Krankenhaus eingewiesen werden. <\/li><li>Insgesamt wurden 57.146 nach einer Impfung positiv auf SARS-CoV-2 getestet, <\/li><li>33.269 von diesen erkrankten an Covid-19. Es ist interessant zu lesen, dass man <strong>bei der Diskussion der Impfnebenwirkungen unterscheidet zwischen positiv Getesteten und an Covid-19 Erkrankten<\/strong>. Bei den t\u00e4glichen Fallzahlen wird diese wichtige Unterscheidung nicht gemacht. <\/li><\/ul>\n\n\n\n<p><a href=\"https:\/\/reitschuster.de\/post\/2-707-menschen-nach-impfung-an-covid-19-gestorben\/\">Diese Informationen wurde erst nach mehrmaliger Nachfrage in der Bundespressekonferenz in einem pers\u00f6nlichen Brief vom Gesundheitsministerium an den Journalisten Boris Reitschuster geschickt. <\/a><\/p>\n\n\n\n<h3 class=\"wp-block-heading\" id=\"Studien\">Wissenschaftliche Studien<\/h3>\n\n\n\n<p><a href=\"https:\/\/assets.publishing.service.gov.uk\/government\/uploads\/system\/uploads\/attachment_data\/file\/982499\/S1208_CO-CIN_report_on_impact_of_vaccination_Apr_21.pdf\">Hospitalised vaccinated patients during the second wave,update April \u201821<\/a> &#8211; in englischer Sprache, <a href=\"https:\/\/tkp.at\/2021\/05\/02\/grosse-studie-zeigt-haeufige-erkrankungen-nach-impfungen\/\">hier deutsche Zusammenfassung<\/a>:<\/p>\n\n\n\n<p>Das COVID-19 Clinical Information Network (CO-CIN) des <a href=\"https:\/\/isaric4c.net\/\">ISARIC4C-Konsortiums<\/a> erfasste 52.280 Covid-Patienten, die zwischen dem 8. Dezember und dem 10. April ins Krankenhaus eingeliefert wurden. Von diesen hatten 3.842 mindestens ihre erste Impfstoffdosis erhalten, das sind 7,3 % oder einer von 14. (Kurz zu Erkl\u00e4rung: ISARIC \u2013 International Severe Acute Respiratory and Emerging Infection Consortium und 4C \u2013 Coronavirus Clinical Characterisation Consortium)<\/p>\n\n\n\n<p>Die Forscher fanden heraus, dass die mittlere Zeit zwischen der ersten Impfung und dem Auftreten von Covid-Symptomen neun Tage betrug. Da der Median der Zeit von der Infektion bis zum Auftreten der Symptome f\u00fcnf Tage betr\u00e4gt, deutet dies darauf hin, dass die Mehrheit der Patienten in den Tagen nach der Impfung erkrankte.<\/p>\n\n\n\n<figure class=\"wp-block-image\"><img decoding=\"async\" src=\"https:\/\/i0.wp.com\/tkp.at\/wp-content\/uploads\/2021\/05\/Symptom-onset-vaccine-l-1024x771-1.jpg?resize=1024%2C771&amp;ssl=1\" alt=\"\" class=\"wp-image-9759\"\/><\/figure>\n\n\n\n<p>Die Grafik zeigt, wie viele der geimpften Covid-Patienten an jedem Tag seit der Impfung einen Symptombeginn erlebten. Wir sehen einen massiven Anstieg am Tag der Impfung und an den drei Tagen danach. Obwohl &#8230; eher wenig dazu geschrieben wird, sind es eindeutig die Impfstoffe, die hier die Symptome hervorrufen. Warum sonst sollte die H\u00e4ufigkeit des Auftretens von Symptomen im Vergleich zum Tag vor der Impfung und den folgenden Tagen um 400 % ansteigen?<\/p>\n\n\n\n<h3 class=\"wp-block-heading\" id=\"Experten\">Stellungnahmen von Experten<\/h3>\n\n\n\n<p><strong><a href=\"http:\/\/www1.bayern.landtag.de\/www\/ElanTextAblage_WP18\/Drucksachen\/Schriftliche%20Anfragen\/18_0013508.pdf\">Unfruchtbarkeit durch Impfung?<\/a><\/strong><br>Dr. Wolfgang Wodarg warnte vor einer m\u00f6glichen Gef\u00e4hrdung der Fruchtbarkeit aufgrund von gentechnischer Manipulation unserer K\u00f6rperzellen durch die mRNA-Impfung.<br>Wodarg f\u00fchrt aus, dass die Antik\u00f6rper gegen die Spike-Proteine des Corona-Virus, die durch die Impfung gebildet werden, aufgrund einer strukturellen \u00c4hnlichkeit auch ein k\u00f6rpereigenes Eiwei\u00df, das sogenannte Syncytin, angreifen k\u00f6nnten. Syncytin ist notwendig, damit sich die befruchtete Eizelle,<br>also der winzige Mensch, in der Geb\u00e4rmutter einnisten kann und eine Plazenta gebildet wird. Wenn dieses Syncytin fehlt, bildet sich keine Plazenta und es kommt also zur Fr\u00fchabtreibung des neuen Menschen.<\/p>\n\n\n\n<p>Diese Warnung wurde best\u00e4tigt von einer mir bekannten Kinder-Neurologin und einer Gyn\u00e4kologin.<\/p>\n\n\n\n<h5 class=\"wp-block-heading\"><\/h5>\n\n\n\n<h3 class=\"wp-block-heading\" id=\"allgemeineArtikel\">Popul\u00e4rwissenschaftliche, allgemeinverst\u00e4ndliche Artikel<\/h3>\n\n\n\n<p>Einen \u00dcberblick \u00fcber die Impfstoffe, Erkl\u00e4rungen der Impfstoffhersteller, Informationen zur Immunit\u00e4t und PCR-Test, sowie einige Stellungnahmen, u.a. von dem Toxikologen Prof. Dr. Hockertz gibt diese <a href=\"http:\/\/covid.joachimdengler.de\/wp-content\/uploads\/2021\/05\/Ciwi_Impfbroschu\u0308re_A5_3.Auflage_druck.pdf\">Impfbrosch\u00fcre<\/a>.<\/p>\n\n\n\n<h5 class=\"wp-block-heading\">In den meisten L\u00e4ndern mit Massenimpfungen <a href=\"https:\/\/corona-transition.org\/in-den-meisten-landern-mit-massenimpfungen-steigen-die-todesfalle\">steigen die Todesf\u00e4lle:<\/a><\/h5>\n\n\n\n<figure class=\"wp-block-embed is-type-video is-provider-youtube wp-block-embed-youtube wp-embed-aspect-16-9 wp-has-aspect-ratio\"><div class=\"wp-block-embed__wrapper\">\n<div class=\"fitvids-video\"><iframe loading=\"lazy\" title=\"Impact of COVID Vaccinations on Mortality\" width=\"1200\" height=\"675\" src=\"https:\/\/www.youtube.com\/embed\/xSrc_s2Gqfw?feature=oembed\" frameborder=\"0\" allow=\"accelerometer; autoplay; clipboard-write; encrypted-media; gyroscope; picture-in-picture\" allowfullscreen><\/iframe><\/div>\n<\/div><figcaption>Rote Linie: Mortalit\u00e4t vor der Impfung<br>Blaue Linie: Mortalit\u00e4t nach der Impfung<br>Gestrichelte Linie: Erwartete Mortalit\u00e4t<\/figcaption><\/figure>\n\n\n\n<h5 class=\"wp-block-heading\"><strong><a href=\"https:\/\/tkp.at\/2021\/03\/02\/pfizer-ceo-bezeichnet-israel-als-grosses-impf-labor\/\">Pfizer CEO bezeichnet Israel als gro\u00dfes Impf-Labor<\/a><\/strong><\/h5>\n\n\n\n<p>In nur&nbsp;acht&nbsp;Wochen der Massenimpfung hat sich <strong>die Gesamtzahl der Covid-19-Todesf\u00e4lle in Israel fast verdoppel<\/strong>t, verglichen mit der Zahl, die sich in den zehn Monaten zuvor angesammelt hatte&#8230;<br>Nach nur 2 Monaten einer \u201eerfolgreichen\u201c Massenimpfkampagne sind&nbsp;<a rel=\"noreferrer noopener\" href=\"https:\/\/www.ynet.co.il\/news\/article\/r1dpT6h11O?utm_source=ynet.app.ios&amp;utm_term=58887440&amp;utm_campaign=general&amp;utm_medium=social\" target=\"_blank\">76% der neuen Covid-19-F\u00e4lle<\/a>&nbsp;unter 39 Jahre alt. Nur 5,5% sind \u00fcber 60. 40% der&nbsp; Patienten mit kritischem Verlauf sind unter 60. Das Land hat auch einen starken Anstieg der Covid-19-F\u00e4lle bei schwangeren Frauen festgestellt, von denen sich nach israelischen Zeitungsberichten&nbsp;<a rel=\"noreferrer noopener\" href=\"https:\/\/www.ynet.co.il\/news\/article\/H16ml24fd?utm_source=ynet.app.ios&amp;utm_term=58913020&amp;utm_campaign=general&amp;utm_medium=social&amp;fbclid=IwAR0uoiw2Lr8QEQkwEPTBq-_InzWekq4NsUiTTa2FTEGUJD0D6tZhZBPJwRk?utm_source=ynet.co.il&amp;utm_medium=email&amp;utm_campaign=email&amp;utm_term=H16ml24fd\" target=\"_blank\">einige in kritischem Zustand befinden<\/a>. In den letzten Wochen gab es bei Neugeborenen einen starken Anstieg der Covid-19-F\u00e4lle um 1300% (von 400 F\u00e4llen bei unter Zweij\u00e4hrigen am 20. November auf 5.800 im Februar 2021).<\/p>\n\n\n\n<figure class=\"wp-block-image size-large\"><img decoding=\"async\" loading=\"lazy\" width=\"1024\" height=\"818\" src=\"http:\/\/covid.joachimdengler.de\/wp-content\/uploads\/2021\/05\/image-2-1024x818.png\" alt=\"\" class=\"wp-image-1152\" srcset=\"http:\/\/covid.joachimdengler.de\/wp-content\/uploads\/2021\/05\/image-2-1024x818.png 1024w, http:\/\/covid.joachimdengler.de\/wp-content\/uploads\/2021\/05\/image-2-300x240.png 300w, http:\/\/covid.joachimdengler.de\/wp-content\/uploads\/2021\/05\/image-2-768x613.png 768w, http:\/\/covid.joachimdengler.de\/wp-content\/uploads\/2021\/05\/image-2.png 1128w\" sizes=\"(max-width: 1024px) 100vw, 1024px\" \/><figcaption>Zusammenhang zwischen Impfungen und Anstieg von Fallzahlen und Todesf\u00e4llen<\/figcaption><\/figure>\n\n\n\n<h5 class=\"wp-block-heading\">Impfkampagne in Israel: \u201eKatastrophale Ergebnisse auf allen Ebenen\u201c (<a href=\"https:\/\/reitschuster.de\/post\/impfkampagne-in-israel-katastrophale-ergebnisse-auf-allen-ebenen\/\">Boris Reitschuster<\/a>)<\/h5>\n\n\n\n<p>\u201eDie Ergebnisse sind auf allen Ebenen katastrophal, es hat noch nie einen Impfstoff gegeben, der so viele Menschen gesch\u00e4digt hat\u201c, lautet das Fazit des Israeli People\u2019s Committee (IPC), das Ende April seinen Bericht \u00fcber die Nebenwirkungen des Impfstoffs ver\u00f6ffentlicht hat. Der fr\u00fchere Jazz-Musiker und heutige Buchautor Gilad Atzmon hat den auf Hebr\u00e4isch erschienenen, 25 Seiten umfassenden Bericht des IPC <a rel=\"noreferrer noopener\" href=\"https:\/\/gilad.online\/writings\/2021\/4\/21\/the-israeli-people-committees-april-report-on-the-lethal-impact-of-vaccinations\" target=\"_blank\">zusammengefasst<\/a> und ins Englische \u00fcbersetzt. Die wichtigsten Erkenntnisse des IPC sind verst\u00f6rend:<\/p>\n\n\n\n<p>\u201eWir erhielten 288 Todesmeldungen in zeitlicher N\u00e4he zur Impfung (90 Prozent bis zu zehn Tage nach der Impfung), 64 Prozent davon waren M\u00e4nner. Das israelische Gesundheitsministerium hingegen sprach von nur 45 impfstoffbedingten Todesf\u00e4llen&#8230;.<\/p>\n\n\n\n<h5 class=\"wp-block-heading\"><a href=\"https:\/\/uncutnews.ch\/uk-nach-covid-impfungen-explodieren-die-fehlgeburten-in-sechs-wochen-um-366\/\"><strong>UK: Nach Covid-Impfungen explodieren die Fehlgeburten in sechs Wochen um 366&nbsp;%<\/strong><\/a><\/h5>\n\n\n\n<p>Der j\u00fcngste Bericht der Medicines and Healthcare produce Regulatory Agency (MHRA) zum Yellow Card Scheme, datiert vom 9. Dezember 2020 bis zum 7. M\u00e4rz 2021, zeigt einen satten Anstieg der Fehlgeburtenrate um 366 Prozent.<\/p>\n\n\n\n<h5 class=\"wp-block-heading\"><a href=\"https:\/\/tkp.at\/2021\/03\/26\/studie-zeigt-massive-covid-infektionen-nach-der-impfung\/\"><strong>D\u00e4nische Studie zeigt massive Covid Infektionen unmittelbar nach der Impfung<\/strong><\/a><\/h5>\n\n\n\n<p><a href=\"https:\/\/www.bmj.com\/content\/372\/bmj.n728\/rr-0?fbclid=IwAR3q-7OshG7FTk8k2-5KISbiNbG_zDzUvfry0idvc8RK7YxXXMpThpdFQGo\">Von 0 bis 14 Tage nach der ersten Dosis war das Risiko einer Covid-19-Infektion bei den Geimpften erheblich erh\u00f6ht<\/a>:Demnach hatten die Bewohner von Altersheimen ein um 40% h\u00f6heres Risiko einer SARS CoV-2 Infektion als Ungeimpfte.<br>Die Angeh\u00f6rigen der Gesundheitsberufe hatten sogar ein um 104% h\u00f6heres Risiko, sich zu infizieren.<br>Es stellen sich dabei zwei Fragen:<\/p>\n\n\n\n<ol><li>Ist die sp\u00e4ter gemessene Immunit\u00e4t zum Teil durch die Infektionen verursacht und gar nicht durch die Impfung?<\/li><li>Woher kommen pl\u00f6tzlich in Heimen Infektionen, obwohl vorher monatelang nichts beobachtet wurde? Verst\u00e4ndlich ist jedenfalls, dass sie bei den Gesundheitsdienstleistern h\u00e4ufiger auftreten. <strong>K\u00f6nnte es sein, dass SARS-Cov-2 so wie die anderen Coronaviren bereits zumindest teilweise endemisch geworden ist und es viele in sich tragen.<\/strong> Wird das Immunsystem geschw\u00e4cht wie das bei der Impfung der Fall ist und auch in den klinischen Versuchen best\u00e4tigt wurde, dann wird es virulent und f\u00fchrt zu Erkrankung und Todesf\u00e4llen.<\/li><\/ol>\n\n\n\n<h5 class=\"wp-block-heading\"><a href=\"https:\/\/reitschuster.de\/post\/unglaublich-intakte-viren-in-corona-impfstoff-entdeckt\/\">Intakte Viren in Corona-Impfstoff &#8222;Sputnik V&#8220; entdeckt<\/a><\/h5>\n\n\n\n<p>Bei der Untersuchung des russischen Impfstoffes \u201eSputnik 5\u201c hat die staatliche brasilianische Arzneimittelbeh\u00f6rde Anvisa nach eigenen Angaben intakte Viren in dem Vakzin gefunden. <strong>Das benutzte Tr\u00e4gervirus \u201eAdenovirus 5\u201c sei nicht inaktiv, so die staatliche Beh\u00f6rde.<\/strong> Es k\u00f6nne sich demnach vervielf\u00e4ltigen. Deshalb wird der russische Impfstoff in Brasilien keine Zulassung erhalten. Besonders pikant:<strong> In Deutschland macht sich vor allem Bayerns Ministerpr\u00e4sident Markus S\u00f6der f\u00fcr das Vakzin aus Moskau stark. <\/strong>Er hat einen Vorvertrag \u00fcber 2,5 Millionen Dosen abgeschlossen, obwohl der Stoff in der EU noch gar nicht zugelassen ist.<\/p>\n\n\n\n<p>Der Impfexperte Prof. Dr. Hockertz hatte bereits im Dezember im Interview mit Boris Reitschuster eindringlich vor den Gefahren durch den Vektorimpfstoff gewarnt. Das Video war auf YouTube zensiert worden.&nbsp;<a href=\"https:\/\/www.google.de\/url?sa=t&amp;rct=j&amp;q=&amp;esrc=s&amp;source=web&amp;cd=&amp;cad=rja&amp;uact=8&amp;ved=2ahUKEwjZl-Gm6KXwAhVF_qQKHcVzCQgQFjABegQIAxAD&amp;url=https%3A%2F%2Freitschuster.de%2Fpost%2Fwas-sie-nicht-hoeren-sollen-die-zensierten-impf-interviews%2F&amp;usg=AOvVaw2cm9uoOnirzK6j6o90iL3Z\" target=\"_blank\" rel=\"noreferrer noopener\">Hier finden Sie es<\/a>.<\/p>\n\n\n\n<h5 class=\"wp-block-heading\">Norwegen stellt Impfungen mit AstraZeneca vollst\u00e4ndig ein<\/h5>\n\n\n\n<p><a href=\"https:\/\/www.welt.de\/politik\/ausland\/article231103613\/Norwegen-Impfungen-mit-AstraZeneca-vollstaendig-eingestellt.html?wtrid=kooperation.reco.taboola.free.welt.desktop\">Norwegen verzichtet wie D\u00e4nemark vollst\u00e4ndig auf den Corona-Impfstoff des Herstellers&nbsp;AstraZeneca<\/a><a rel=\"noreferrer noopener\" target=\"_blank\" href=\"https:\/\/www.welt.de\/gesundheit\/plus230920213\/AstraZeneca-Alles-was-Sie-jetzt-wissen-sollten.html\">.<\/a>&nbsp;Das gab Ministerpr\u00e4sidentin Erna Solberg am Mittwochabend auf einer Pressekonferenz in Oslo bekannt. Die Regierung spende die AstraZeneca-Dosen wom\u00f6glich an andere L\u00e4nder.<\/p>\n\n\n\n<p>Damit folgt die Regierung den Empfehlungen eines Expertenausschusses und des nationalen Gesundheitsinstituts FHI, die beide zuletzt geraten hatten, den Wirkstoff von AstraZeneca sowie das Pr\u00e4parat von&nbsp;<a target=\"_blank\" rel=\"noreferrer noopener\" href=\"https:\/\/www.welt.de\/wirtschaft\/plus230936509\/Kaum-verimpftes-Corona-Vakzin-Das-Raetsel-um-Johnson-Johnson.html\">Johnson &amp; Johnson<\/a>&nbsp;aufgrund des Risikos von seltenen, aber schwerwiegenden Nebenwirkungen aus dem Impfprogramm zu streichen.<\/p>\n\n\n\n<h3 class=\"wp-block-heading\" id=\"Einzelerfahrungen\">Anekdotische Einzelerfahrungen und Stellungnahmen<\/h3>\n\n\n\n<p><a href=\"https:\/\/www.tichyseinblick.de\/kolumnen\/vorwort-zum-sonntag\/ein-vermeintlich-natuerlicher-tod-nach-corona-impfung\/\">Die Geschichte eines 87-j\u00e4hrigen, der die Corona-Infektion ohne Probleme \u00fcbersteht, sich danach &#8222;aus Loyalit\u00e4t zum Staat&#8220; impfen l\u00e4\u00dft, und wenige Tage nach der Impfung stirbt.<\/a><\/p>\n\n\n\n<p>&nbsp;Bericht in der Zeitung Die Welt am 11.5.2021: <a href=\"https:\/\/www.welt.de\/politik\/deutschland\/plus230984391\/Rechtsmedizinisches-Gutachten-Die-Impfung-die-ihr-die-Tochter-nahm.html\">Die Impfung, die ihr die Tochter nahm.<\/a><\/p>\n\n\n\n<p>Bericht in der Zeitung Die Welt am 15.5.2021: <a href=\"https:\/\/www.welt.de\/regionales\/nrw\/article231161417\/Mann-stirbt-kurz-nach-Corona-Impfung-in-Klinik-Ermittlungen.html?wtrid=kooperation.reco.taboola.free.welt.desktop\">Mann stirbt kurz nach Corona-Impfung in Klinik &#8211; Ermittlungen<\/a><\/p>\n\n\n\n<p>&nbsp;<strong>Ein Kinderarzt<\/strong>: <a href=\"http:\/\/covid.joachimdengler.de\/wp-content\/uploads\/2021\/05\/Gruende-warum-ich-mich-nicht-gegen-Corona-impfen-lasse.pdf\">Warum ich mich nicht gegen Corona impfen lasse.<\/a><\/p>\n\n\n\n<p><em>Diese Seite befindet sich im Aufbau und wird laufend vervollst\u00e4ndigt. <\/em><\/p>\n","protected":false},"excerpt":{"rendered":"<p>W\u00e4hrend die Covid-19 Impfkampagne weltweit in vollem Gange ist, und auch hier in Deutschland, von Erfolgsmeldungen der Regierung und der Medien begleitet, mit gro\u00dfem Aufwand &hellip; <\/p>\n","protected":false},"author":1,"featured_media":0,"comment_status":"open","ping_status":"open","sticky":false,"template":"","format":"standard","meta":{"om_disable_all_campaigns":false,"_monsterinsights_skip_tracking":false,"_monsterinsights_sitenote_active":false,"_monsterinsights_sitenote_note":"","_monsterinsights_sitenote_category":0,"footnotes":"","twitterCardType":"","cardImageID":0,"cardImage":"","cardTitle":"","cardDesc":"","cardImageAlt":"","cardPlayer":"","cardPlayerWidth":0,"cardPlayerHeight":0,"cardPlayerStream":"","cardPlayerCodec":""},"categories":[12],"tags":[],"_links":{"self":[{"href":"http:\/\/covid.joachimdengler.de\/index.php?rest_route=\/wp\/v2\/posts\/1123"}],"collection":[{"href":"http:\/\/covid.joachimdengler.de\/index.php?rest_route=\/wp\/v2\/posts"}],"about":[{"href":"http:\/\/covid.joachimdengler.de\/index.php?rest_route=\/wp\/v2\/types\/post"}],"author":[{"embeddable":true,"href":"http:\/\/covid.joachimdengler.de\/index.php?rest_route=\/wp\/v2\/users\/1"}],"replies":[{"embeddable":true,"href":"http:\/\/covid.joachimdengler.de\/index.php?rest_route=%2Fwp%2Fv2%2Fcomments&post=1123"}],"version-history":[{"count":98,"href":"http:\/\/covid.joachimdengler.de\/index.php?rest_route=\/wp\/v2\/posts\/1123\/revisions"}],"predecessor-version":[{"id":1548,"href":"http:\/\/covid.joachimdengler.de\/index.php?rest_route=\/wp\/v2\/posts\/1123\/revisions\/1548"}],"wp:attachment":[{"href":"http:\/\/covid.joachimdengler.de\/index.php?rest_route=%2Fwp%2Fv2%2Fmedia&parent=1123"}],"wp:term":[{"taxonomy":"category","embeddable":true,"href":"http:\/\/covid.joachimdengler.de\/index.php?rest_route=%2Fwp%2Fv2%2Fcategories&post=1123"},{"taxonomy":"post_tag","embeddable":true,"href":"http:\/\/covid.joachimdengler.de\/index.php?rest_route=%2Fwp%2Fv2%2Ftags&post=1123"}],"curies":[{"name":"wp","href":"https:\/\/api.w.org\/{rel}","templated":true}]}}